[{"@context":"https:\/\/schema.org\/","@type":"Article","@id":"https:\/\/www.f3f.sk\/ako-suvisi-vek-dietata-s-vychovou\/#Article","mainEntityOfPage":"https:\/\/www.f3f.sk\/ako-suvisi-vek-dietata-s-vychovou\/","headline":"Ako s\u00favis\u00ed vek die\u0165a\u0165a s v\u00fdchovou ?","name":"Ako s\u00favis\u00ed vek die\u0165a\u0165a s v\u00fdchovou ?","description":"Svojim de\u0165om by sme dali v\u0161etko na svete. Je d\u00f4le\u017eit\u00e9 venova\u0165 im pozornos\u0165 a\u00a0stara\u0165 sa o\u00a0to, aby jedn\u00e9ho d\u0148a, ke\u010f vyrast\u00fa boli \u0161\u013eachetn\u00fdmi a\u00a0skromn\u00fdmi \u013eu\u010fmi. Kedy sa zamera\u0165 na v\u00fdchovu, u\u010denie, \u00eds\u0165 pr\u00edkladom, a\u00a0kedy u\u017e je neskoro die\u0165a vychov\u00e1va\u0165 ? Ak sa va\u0161e die\u0165a spr\u00e1va neprimerane svojmu veku alebo \u010dasto vyv\u00e1dza, mo\u017eno ste premrhali \u010das\u0165 [&hellip;]","datePublished":"2025-02-28","dateModified":"2025-02-28","author":{"@type":"Person","@id":"https:\/\/www.f3f.sk\/author\/#Person","name":"","url":"https:\/\/www.f3f.sk\/author\/","identifier":1,"image":{"@type":"ImageObject","@id":"https:\/\/secure.gravatar.com\/avatar\/a4970dd685f2b259fc1a5b9420420b9fa541cc58646305fbe02c59d28f86fdcb?s=96&d=mm&r=g","url":"https:\/\/secure.gravatar.com\/avatar\/a4970dd685f2b259fc1a5b9420420b9fa541cc58646305fbe02c59d28f86fdcb?s=96&d=mm&r=g","height":96,"width":96}},"publisher":{"@type":"Organization","name":"f3f.sk","logo":{"@type":"ImageObject","@id":"\/logo.png","url":"\/logo.png","width":600,"height":60}},"image":{"@type":"ImageObject","@id":"https:\/\/www.f3f.sk\/wp-content\/uploads\/img_a281820_w2021_t1501266456.jpg","url":"https:\/\/www.f3f.sk\/wp-content\/uploads\/img_a281820_w2021_t1501266456.jpg","height":0,"width":0},"url":"https:\/\/www.f3f.sk\/ako-suvisi-vek-dietata-s-vychovou\/","about":["Deti"],"wordCount":446,"articleBody":"Svojim de\u0165om by sme dali v\u0161etko na svete. Je d\u00f4le\u017eit\u00e9 venova\u0165 im pozornos\u0165 a\u00a0stara\u0165 sa o\u00a0to, aby jedn\u00e9ho d\u0148a, ke\u010f vyrast\u00fa boli \u0161\u013eachetn\u00fdmi a\u00a0skromn\u00fdmi \u013eu\u010fmi. Kedy sa zamera\u0165 na v\u00fdchovu, u\u010denie, \u00eds\u0165 pr\u00edkladom, a\u00a0kedy u\u017e je neskoro die\u0165a vychov\u00e1va\u0165 ? Ak sa va\u0161e die\u0165a spr\u00e1va neprimerane svojmu veku alebo \u010dasto vyv\u00e1dza, mo\u017eno ste premrhali \u010das\u0165 \u017eivota, ktor\u00e1 bola ve\u013emi podstatn\u00e1. V\u00a0ktor\u00fdch obdobiach v\u00fdvoja v\u00e1\u0161ho die\u0165a\u0165a m\u00e1te mo\u017enos\u0165 vychov\u00e1va\u0165 ?1.\u00a0\u00a0\u00a0\u00a0\u00a0\u00a0 Obdobie do troch rokovV\u00a0tomto obdob\u00ed m\u00e1 rodi\u010d najv\u00e4\u010d\u0161iu mo\u017enos\u0165 die\u0165a vychov\u00e1va\u0165. Vysvetli\u0165 mu \u010do nesmie, \u010do je dobr\u00e9, \u010do sa patr\u00ed a\u00a0kam m\u00f4\u017ee, \u010di nem\u00f4\u017ee chodi\u0165. D\u00e1vajte si pozor na to, \u010do svojmu die\u0165a\u0165u vsugerujete v\u00a0tomto vekovom obdob\u00ed. Die\u0165a si to m\u00f4\u017ee zapam\u00e4ta\u0165 na cel\u00fd \u017eivot a\u00a0aj vtip, ktor\u00fd ste si z\u00a0die\u0165a\u0165a urobili, m\u00f4\u017ee die\u0165a v\u00a0neskor\u0161om \u010dasovom obdob\u00ed \u017eivota poklada\u0165 za fakt. Je to obdobie, kedy m\u00e1te nad die\u0165a\u0165om absol\u00fatnu moc. M\u00f4\u017eete ho u\u010di\u0165, \u010do je spr\u00e1vne, vysvet\u013eova\u0165 mu r\u00f4zne veci, ktor\u00e9 ho zauj\u00edmaj\u00fa. Deti s\u00fa v\u00a0tomto obdob\u00ed ve\u013emi zvedav\u00e9 a\u00a0objavuj\u00fa svet.2.\u00a0\u00a0\u00a0\u00a0\u00a0\u00a0 Obdobie od troch do desiatich rokovV\u00a0tomto obdob\u00ed by ste mali \u00eds\u0165 svojmu die\u0165a\u0165u pr\u00edkladom. \u00cds\u0165 pr\u00edkladom svojmu synovi, ako sa m\u00e1 jedn\u00e9ho d\u0148a spr\u00e1va\u0165 k\u00a0svojej \u017eene. Vo va\u0161ej rodine je die\u0165a v\u00a0tomto obdob\u00ed ve\u013ek\u00fdm darom, preto\u017ee ak ho chcete dobre vychova\u0165, vy sami mus\u00edte by\u0165 dobr\u00fdm \u010dlovekom. Die\u0165a zaber\u00e1 ve\u013ea \u010dasu, ale nakoniec to v\u017edy stoj\u00ed za to. Ka\u017edop\u00e1dne tak, ako uspejete v\u00a0t\u00fdchto dvoch bodoch sa uk\u00e1\u017ee, ak\u00e9ho \u010dloveka ste vychovali a\u017e pr\u00edde \u010das puberty.3.\u00a0\u00a0\u00a0\u00a0\u00a0\u00a0 Obdobie pubertyV\u00a0tomto obdob\u00ed sa die\u0165a za\u010d\u00edna vychov\u00e1va\u0165 samo. V\u00a0tomto obdob\u00ed v\u00e1s bude posl\u00facha\u0165 najmenej a\u00a0za\u010dne si robi\u0165 to, \u010do sa mu zap\u00e1\u010di. Za\u010dne sk\u00fa\u0161a\u0165 a\u00a0robi\u0165 veci, ktor\u00e9 ho l\u00e1kaj\u00fa. Pod\u013ea toho, ako ste uspeli v\u00a0predch\u00e1dzaj\u00facich dvoch obdobiach jeho \u017eivota sa uk\u00e1\u017ee, ak\u00e9 veci to bud\u00fa.Die\u0165a je darom, ktor\u00fd dok\u00e1\u017ee rodinu dr\u017ea\u0165 pokope. Sna\u017eme sa venova\u0165 svojim de\u0165om a\u00a0n\u00e1js\u0165 si na nich \u010das, aby sme si raz mohli poveda\u0165, \u017ee sme do nich vlo\u017eili sam\u00fdch seba, a\u00a0\u017ee to st\u00e1lo za to.\u00a0                                                                                                                                                                                                                                                                                                                                                                                        3.8\/5 - (5 votes)        "},{"@context":"https:\/\/schema.org\/","@type":"BreadcrumbList","itemListElement":[{"@type":"ListItem","position":1,"name":"Ako s\u00favis\u00ed vek die\u0165a\u0165a s v\u00fdchovou ?","item":"https:\/\/www.f3f.sk\/ako-suvisi-vek-dietata-s-vychovou\/#breadcrumbitem"}]}]