[{"@context":"https:\/\/schema.org\/","@type":"Article","@id":"https:\/\/www.f3f.sk\/ako-krmit-deti-do-1-roka\/#Article","mainEntityOfPage":"https:\/\/www.f3f.sk\/ako-krmit-deti-do-1-roka\/","headline":"Ako k\u0155mi\u0165 deti do 1 roka","name":"Ako k\u0155mi\u0165 deti do 1 roka","description":"Sta\u0165 sa starostlivou matkou je nemo\u017en\u00e9 bez starostliv\u00e9ho v\u00fdberu dennej stravy die\u0165a\u0165a.\u00a0K\u0155menie jednoro\u010dn\u00fdch det\u00ed \u010dasto vyvol\u00e1va ve\u013ea ot\u00e1zok medzi matkami prvoroden\u00fdch.\u00a0Obzvl\u00e1\u0161\u0165 \u0165a\u017ek\u00e9 je to pre t\u00fdch, ktor\u00ed nem\u00f4\u017eu doj\u010di\u0165 svoje die\u0165a.\u00a0Samozrejme, strava jednoro\u010dn\u00e9ho die\u0165a\u0165a sa v\u00fdrazne l\u00ed\u0161i od stravy \u0161es\u0165mesa\u010dn\u00e9ho die\u0165a\u0165a.\u00a0V skuto\u010dnosti bud\u00fa potraviny die\u0165a\u0165a v tomto veku pripom\u00edna\u0165 jedlo dospel\u00e9ho \u010dloveka. V strave die\u0165a\u0165a [&hellip;]","datePublished":"2025-03-04","dateModified":"2025-03-04","author":{"@type":"Person","@id":"https:\/\/www.f3f.sk\/author\/#Person","name":"","url":"https:\/\/www.f3f.sk\/author\/","identifier":1,"image":{"@type":"ImageObject","@id":"https:\/\/secure.gravatar.com\/avatar\/a4970dd685f2b259fc1a5b9420420b9fa541cc58646305fbe02c59d28f86fdcb?s=96&d=mm&r=g","url":"https:\/\/secure.gravatar.com\/avatar\/a4970dd685f2b259fc1a5b9420420b9fa541cc58646305fbe02c59d28f86fdcb?s=96&d=mm&r=g","height":96,"width":96}},"publisher":{"@type":"Organization","name":"f3f.sk","logo":{"@type":"ImageObject","@id":"\/logo.png","url":"\/logo.png","width":600,"height":60}},"image":{"@type":"ImageObject","@id":"https:\/\/www.f3f.sk\/wp-content\/uploads\/img_a287433_w2021_t1524840055.jpg","url":"https:\/\/www.f3f.sk\/wp-content\/uploads\/img_a287433_w2021_t1524840055.jpg","height":0,"width":0},"url":"https:\/\/www.f3f.sk\/ako-krmit-deti-do-1-roka\/","about":["Deti"],"wordCount":425,"articleBody":"Sta\u0165 sa starostlivou matkou je nemo\u017en\u00e9 bez starostliv\u00e9ho v\u00fdberu dennej stravy die\u0165a\u0165a.\u00a0K\u0155menie jednoro\u010dn\u00fdch det\u00ed \u010dasto vyvol\u00e1va ve\u013ea ot\u00e1zok medzi matkami prvoroden\u00fdch.\u00a0Obzvl\u00e1\u0161\u0165 \u0165a\u017ek\u00e9 je to pre t\u00fdch, ktor\u00ed nem\u00f4\u017eu doj\u010di\u0165 svoje die\u0165a.\u00a0Samozrejme, strava jednoro\u010dn\u00e9ho die\u0165a\u0165a sa v\u00fdrazne l\u00ed\u0161i od stravy \u0161es\u0165mesa\u010dn\u00e9ho die\u0165a\u0165a.\u00a0V skuto\u010dnosti bud\u00fa potraviny die\u0165a\u0165a v tomto veku pripom\u00edna\u0165 jedlo dospel\u00e9ho \u010dloveka.V strave die\u0165a\u0165a m\u00f4\u017eete bezpe\u010dne vst\u00fapi\u0165 do m\u00e4sovej n\u00e1vnad \u010di vysk\u00fa\u0161a\u0165 \u0161al\u00e1ty z \u010derstvej zeleniny.\u00a0Pri spr\u00e1vnej v\u00fd\u017eive sa die\u0165a c\u00edti dobre a m\u00e1 skvel\u00fa n\u00e1ladu, bude akt\u00edvny po cel\u00fd de\u0148.\u00a0Ve\u013emi d\u00f4le\u017eit\u00fdm momentom v organiz\u00e1cii v\u00fd\u017eivy die\u0165a\u0165a je aktu\u00e1lnos\u0165 ka\u017ed\u00e9ho jedla.\u00a0Matka die\u0165a\u0165a si mus\u00ed pam\u00e4ta\u0165 na to, \u017ee pr\u00edjem potravy nem\u00f4\u017ee by\u0165 zbyto\u010dn\u00fd, preto\u017ee ke\u010f je die\u0165a ve\u013emi hladn\u00e9, za\u010d\u00edna by\u0165 rozmarn\u00e9 a odmieta jes\u0165.\u00a0Najlep\u0161ou mo\u017enos\u0165ou je jes\u0165 v ur\u010dit\u00fdch \u010dasoch 5-6 kr\u00e1t do d\u0148a.\u00a0Mnoh\u00e9 mami\u010dky sa ob\u00e1vaj\u00fa tak\u00fdch \u010dast\u00fdch jed\u00e1l a potreby str\u00e1vi\u0165 cel\u00fd de\u0148 varen\u00edm v kuchyni.\u00a0Na\u0161\u0165astie modern\u00fd potravin\u00e1rsky priemysel pon\u00faka ve\u013emi \u0161irok\u00fa \u0161k\u00e1lu detskej v\u00fd\u017eivy.\u00a0Je dokonale pr\u00edpustn\u00e9 kombinova\u0165 vlastn\u00e9 varenie s priemyseln\u00fdmi v\u00fdrobkami.Mlad\u00e1 matka by mala by\u0165 opatrn\u00e1 pri v\u00fdbere sp\u00f4sobu varenia.\u00a0Die\u0165a\u0165u by nemali by\u0165 pod\u00e1van\u00e9 \u00a0vypr\u00e1\u017ean\u00e9 jedl\u00e1 ani grilovan\u00e9 v\u00fdrobky.\u00a0V\u0161etky jedl\u00e1 by mali by\u0165 varen\u00e9.\u00a0Existuj\u00fa niektor\u00e9 produkty, ktor\u00e9 sa odpor\u00fa\u010daj\u00fa vsun\u00fa\u0165 do stravy iba vtedy, ke\u010f die\u0165a dosiahne 2-3 roky.\u00a0Patria sem citrusov\u00e9 plody a exotick\u00e9 ovocie, preto\u017ee m\u00f4\u017eu sp\u00f4sobi\u0165 nepekn\u00e9 alergie u die\u0165a\u0165a.\u00a0Niekedy die\u0165a odmieta aj ve\u013emi chutn\u00e9 jedlo.\u00a0Mo\u017eno len nie je hladn\u00e9.\u00a0Ale pr\u00ed\u010dinou tohto spr\u00e1vania m\u00f4\u017ee by\u0165 zl\u00e9 psychologick\u00e9 prostredie v rodine.\u00a0Aj v obdobiach \u0165a\u017ek\u00fdch vz\u0165ahov so svoj\u00edm man\u017eelom a die\u0165a\u0165om by mlad\u00e1 matka mala by\u0165 schopn\u00e1 abstrahova\u0165 z probl\u00e9mov, aby proces k\u0155menia die\u0165a\u0165a priniesol jej a jej die\u0165a\u0165u pote\u0161enie.\u00a0V opa\u010dnom pr\u00edpade aj pri spr\u00e1vne zvolenom menu m\u00f4\u017ee ma\u0165 die\u0165a slab\u00fa chu\u0165 do jedla.                                                                                                                                                                                                                                                                                                                                                                                        4.6\/5 - (5 votes)        "},{"@context":"https:\/\/schema.org\/","@type":"BreadcrumbList","itemListElement":[{"@type":"ListItem","position":1,"name":"Ako k\u0155mi\u0165 deti do 1 roka","item":"https:\/\/www.f3f.sk\/ako-krmit-deti-do-1-roka\/#breadcrumbitem"}]}]